{"id":1037,"date":"2014-10-25T14:34:03","date_gmt":"2014-10-25T12:34:03","guid":{"rendered":"http:\/\/www.karinoberhofer.com\/it\/?p=1037"},"modified":"2017-05-29T15:56:14","modified_gmt":"2017-05-29T13:56:14","slug":"der-beste-start-in-den-tag-baeckerei-profanter","status":"publish","type":"post","link":"https:\/\/www.karinoberhofer.com\/de\/der-beste-start-in-den-tag-baeckerei-profanter\/","title":{"rendered":"Der beste Start in den Tag&#8230; B\u00c4CKEREI PROFANTER"},"content":{"rendered":"<p><a href=\"http:\/\/www.karinoberhofer.com\/wp-content\/uploads\/2014\/10\/20141025_081841.jpg\"><img class=\"size-medium wp-image-1030 aligncenter\" src=\"http:\/\/www.karinoberhofer.com\/wp-content\/uploads\/2014\/10\/20141025_081841-168x300.jpg\" alt=\"[fusion_builder_container hundred_percent=\"yes\" overflow=\"visible\"][fusion_builder_row][fusion_builder_column type=\"1_1\" background_position=\"left top\" background_color=\"\" border_size=\"\" border_color=\"\" border_style=\"solid\" spacing=\"yes\" background_image=\"\" background_repeat=\"no-repeat\" padding=\"\" margin_top=\"0px\" margin_bottom=\"0px\" class=\"\" id=\"\" animation_type=\"\" animation_speed=\"0.3\" animation_direction=\"left\" hide_on_mobile=\"no\" center_content=\"no\" min_height=\"none\"][cml_media_alt id='1030']20141025_081841[\/cml_media_alt]\" width=\"168\" height=\"300\" srcset=\"https:\/\/www.karinoberhofer.com\/wp-content\/uploads\/2014\/10\/20141025_081841-168x300.jpg 168w, https:\/\/www.karinoberhofer.com\/wp-content\/uploads\/2014\/10\/20141025_081841-575x1024.jpg 575w, https:\/\/www.karinoberhofer.com\/wp-content\/uploads\/2014\/10\/20141025_081841.jpg 1000w\" sizes=\"(max-width: 168px) 100vw, 168px\" \/><\/a><\/p>\n<p>&nbsp;<\/p>\n<p style=\"text-align: center;\"><span style=\"color: #ffcc00;\">Ich liebe das Fr\u00fchst\u00fcck, mittlerweile ist das Dinkel-Vollkorn Brot mit Sonnenblumen von der B\u00e4ckerei Profanter aus Brixen mein Lieblingsbrot geworden. Mit Butter und Honig oder Selbstgemachter Marmelade und ein Cappuccino dazu und ich bin Fit f\u00fcr das Training. Die Ern\u00e4hrung ist mir sehr sehr wichtig und deshalb achte ich gut welche Produkte ich w\u00e4hle. Da die Profanter B\u00e4ckerei mit qualitativen Rohstoffen arbeitet und sie verschiedene Getreidesorten (wie Kamut, Dinkel, Hirse, Vollkorn, Mehrkorn, Roggen, Weizen usw.) verwenden ist das f\u00fcr mich ideal. Auch ist es bequem f\u00fcr unterwegs, ich kann das Brot (z.B. Kastenbrot) \u00fcberall zu Wettk\u00e4mpfen oder Trainingslager mitnehmen. Sie haben ein vielf\u00e4ltiges Angebot und es ist f\u00fcr jede Mahlzeit was dabei&#8230;<\/span><\/p>\n<p style=\"text-align: center;\"><span style=\"color: #ffcc00;\">&#8211; Das Fr\u00fchst\u00fcck schmeckt mir ihren Brot immer frisch, energiegeladen, abwechslungsreich&#8230; eine Gaumenfreude f\u00fcr jeden Morgen<\/span><\/p>\n<p style=\"text-align: center;\"><span style=\"color: #ffcc00;\">&#8211; Wir S\u00fcdtiroler essen viel Sch\u00fcttelbrot, ideal f\u00fcr Snack f\u00fcr zwischen durch. Es gibt das Sch\u00fcttelbrot von traditionell bis mini (siehe Foto)<\/span><\/p>\n<p style=\"text-align: center;\"><span style=\"color: #ffcc00;\">&#8211; die Hirse Kekse sind meine Belohnung nach dem Training : ))) sie geben mir die richtige Energie nach dem Training<\/span><\/p>\n<p style=\"text-align: center;\"><span style=\"color: #ffcc00;\">&#8211; Wir Italiener essen zu jeder Mahlzeit Brot, da findet man beim Profanter-Sortiment immer das Richtige<\/span><\/p>\n<p style=\"text-align: center;\"><span style=\"color: #ffcc00;\">&#8211; Und was sagt ihr zu etwas S\u00fcssem??? (Mohnstrudel, Nuss-Birnen-Schokokuchen oder Apfelstrudel)&#8230; mir l\u00e4uft schon das Wasser im Mund zusammen ; ) MAHLZEIT&#8230;<\/span><\/p>\n<p>&nbsp;<\/p>\n<p><a href=\"http:\/\/www.karinoberhofer.com\/wp-content\/uploads\/2014\/10\/naturbackstube_profanter_20100701_1515164061.jpg\"><img class=\"alignleft size-medium wp-image-1035\" src=\"http:\/\/www.karinoberhofer.com\/wp-content\/uploads\/2014\/10\/naturbackstube_profanter_20100701_1515164061-300x199.jpg\" alt=\"[\/fusion_builder_column][fusion_builder_column type=\"1_1\" background_position=\"left top\" background_color=\"\" border_size=\"\" border_color=\"\" border_style=\"solid\" spacing=\"yes\" background_image=\"\" background_repeat=\"no-repeat\" padding=\"\" margin_top=\"0px\" margin_bottom=\"0px\" class=\"\" id=\"\" animation_type=\"\" animation_speed=\"0.3\" animation_direction=\"left\" hide_on_mobile=\"no\" center_content=\"no\" min_height=\"none\"][cml_media_alt id='1035']naturbackstube_profanter_20100701_1515164061[\/cml_media_alt]\" width=\"300\" height=\"199\" srcset=\"https:\/\/www.karinoberhofer.com\/wp-content\/uploads\/2014\/10\/naturbackstube_profanter_20100701_1515164061-300x199.jpg 300w, https:\/\/www.karinoberhofer.com\/wp-content\/uploads\/2014\/10\/naturbackstube_profanter_20100701_1515164061.jpg 500w\" sizes=\"(max-width: 300px) 100vw, 300px\" \/><\/a> <a href=\"http:\/\/www.karinoberhofer.com\/wp-content\/uploads\/2014\/10\/natur-backstube_profanter_20100604_1673067877.jpg\"><img class=\"alignleft size-medium wp-image-1034\" src=\"http:\/\/www.karinoberhofer.com\/wp-content\/uploads\/2014\/10\/natur-backstube_profanter_20100604_1673067877-300x199.jpg\" alt=\"[\/fusion_builder_column][fusion_builder_column type=\"1_1\" background_position=\"left top\" background_color=\"\" border_size=\"\" border_color=\"\" border_style=\"solid\" spacing=\"yes\" background_image=\"\" background_repeat=\"no-repeat\" padding=\"\" margin_top=\"0px\" margin_bottom=\"0px\" class=\"\" id=\"\" animation_type=\"\" animation_speed=\"0.3\" animation_direction=\"left\" hide_on_mobile=\"no\" center_content=\"no\" min_height=\"none\"][cml_media_alt id='1034']natur-backstube_profanter_20100604_1673067877[\/cml_media_alt]\" width=\"300\" height=\"199\" srcset=\"https:\/\/www.karinoberhofer.com\/wp-content\/uploads\/2014\/10\/natur-backstube_profanter_20100604_1673067877-300x199.jpg 300w, https:\/\/www.karinoberhofer.com\/wp-content\/uploads\/2014\/10\/natur-backstube_profanter_20100604_1673067877.jpg 500w\" sizes=\"(max-width: 300px) 100vw, 300px\" \/><\/a> <a href=\"http:\/\/www.karinoberhofer.com\/wp-content\/uploads\/2014\/10\/natur-backstube_profanter_20100604_1363677582.jpg\"><img class=\"alignleft size-medium wp-image-1033\" src=\"http:\/\/www.karinoberhofer.com\/wp-content\/uploads\/2014\/10\/natur-backstube_profanter_20100604_1363677582-300x199.jpg\" alt=\"[\/fusion_builder_column][fusion_builder_column type=\"1_1\" background_position=\"left top\" background_color=\"\" border_size=\"\" border_color=\"\" border_style=\"solid\" spacing=\"yes\" background_image=\"\" background_repeat=\"no-repeat\" padding=\"\" margin_top=\"0px\" margin_bottom=\"0px\" class=\"\" id=\"\" animation_type=\"\" animation_speed=\"0.3\" animation_direction=\"left\" hide_on_mobile=\"no\" center_content=\"no\" min_height=\"none\"][cml_media_alt id='1033']natur-backstube_profanter_20100604_1363677582[\/cml_media_alt]\" width=\"300\" height=\"199\" srcset=\"https:\/\/www.karinoberhofer.com\/wp-content\/uploads\/2014\/10\/natur-backstube_profanter_20100604_1363677582-300x199.jpg 300w, https:\/\/www.karinoberhofer.com\/wp-content\/uploads\/2014\/10\/natur-backstube_profanter_20100604_1363677582.jpg 500w\" sizes=\"(max-width: 300px) 100vw, 300px\" \/><\/a> <a href=\"http:\/\/www.karinoberhofer.com\/wp-content\/uploads\/2014\/10\/natur-backstube_profanter_20100604_1208423326.jpg\"><img class=\"alignleft size-medium wp-image-1032\" src=\"http:\/\/www.karinoberhofer.com\/wp-content\/uploads\/2014\/10\/natur-backstube_profanter_20100604_1208423326-300x199.jpg\" alt=\"[\/fusion_builder_column][fusion_builder_column type=\"1_1\" background_position=\"left top\" background_color=\"\" border_size=\"\" border_color=\"\" border_style=\"solid\" spacing=\"yes\" background_image=\"\" background_repeat=\"no-repeat\" padding=\"\" margin_top=\"0px\" margin_bottom=\"0px\" class=\"\" id=\"\" animation_type=\"\" animation_speed=\"0.3\" animation_direction=\"left\" hide_on_mobile=\"no\" center_content=\"no\" min_height=\"none\"][cml_media_alt id='1032']natur-backstube_profanter_20100604_1208423326[\/cml_media_alt]\" width=\"300\" height=\"199\" srcset=\"https:\/\/www.karinoberhofer.com\/wp-content\/uploads\/2014\/10\/natur-backstube_profanter_20100604_1208423326-300x199.jpg 300w, https:\/\/www.karinoberhofer.com\/wp-content\/uploads\/2014\/10\/natur-backstube_profanter_20100604_1208423326.jpg 500w\" sizes=\"(max-width: 300px) 100vw, 300px\" \/><\/a><\/p>\n<p>&nbsp;[\/fusion_builder_column][\/fusion_builder_row][\/fusion_builder_container]<\/p>\n","protected":false},"excerpt":{"rendered":"<p>&nbsp; Ich liebe das Fr\u00fchst\u00fcck, mittlerweile ist das Dinkel-Vollkorn Brot mit Sonnenblumen von der B\u00e4ckerei Profanter aus Brixen mein Lieblingsbrot geworden. Mit Butter und Honig oder Selbstgemachter Marmelade und ein Cappuccino dazu und ich bin [&hellip;]<\/p>\n","protected":false},"author":2,"featured_media":1031,"comment_status":"open","ping_status":"open","sticky":false,"template":"","format":"standard","meta":[],"categories":[16],"tags":[],"_links":{"self":[{"href":"https:\/\/www.karinoberhofer.com\/de\/wp-json\/wp\/v2\/posts\/1037"}],"collection":[{"href":"https:\/\/www.karinoberhofer.com\/de\/wp-json\/wp\/v2\/posts"}],"about":[{"href":"https:\/\/www.karinoberhofer.com\/de\/wp-json\/wp\/v2\/types\/post"}],"author":[{"embeddable":true,"href":"https:\/\/www.karinoberhofer.com\/de\/wp-json\/wp\/v2\/users\/2"}],"replies":[{"embeddable":true,"href":"https:\/\/www.karinoberhofer.com\/de\/wp-json\/wp\/v2\/comments?post=1037"}],"version-history":[{"count":3,"href":"https:\/\/www.karinoberhofer.com\/de\/wp-json\/wp\/v2\/posts\/1037\/revisions"}],"predecessor-version":[{"id":2689,"href":"https:\/\/www.karinoberhofer.com\/de\/wp-json\/wp\/v2\/posts\/1037\/revisions\/2689"}],"wp:featuredmedia":[{"embeddable":true,"href":"https:\/\/www.karinoberhofer.com\/de\/wp-json\/wp\/v2\/media\/1031"}],"wp:attachment":[{"href":"https:\/\/www.karinoberhofer.com\/de\/wp-json\/wp\/v2\/media?parent=1037"}],"wp:term":[{"taxonomy":"category","embeddable":true,"href":"https:\/\/www.karinoberhofer.com\/de\/wp-json\/wp\/v2\/categories?post=1037"},{"taxonomy":"post_tag","embeddable":true,"href":"https:\/\/www.karinoberhofer.com\/de\/wp-json\/wp\/v2\/tags?post=1037"}],"curies":[{"name":"wp","href":"https:\/\/api.w.org\/{rel}","templated":true}]}}