{"id":1659,"date":"2015-06-26T16:33:40","date_gmt":"2015-06-26T14:33:40","guid":{"rendered":"http:\/\/www.karinoberhofer.com\/?p=1659"},"modified":"2015-06-26T16:33:40","modified_gmt":"2015-06-26T14:33:40","slug":"radtag-mit-alpe-dhuez","status":"publish","type":"post","link":"https:\/\/www.karinoberhofer.com\/de\/radtag-mit-alpe-dhuez\/","title":{"rendered":"Radtag mit Alpe d&#8217;Huez"},"content":{"rendered":"<p>Am Sonntag den 7. Juni, haben wir im Trainingslager einen Radtag eingelegt. Unsere Trainer haben eine Tour mit 3 P\u00e4ssen gew\u00e4hlt, am Ende die Kr\u00f6nung: Alpe d&#8217;Huez! Insgesamt radelten wir 97km und kamen m\u00fcde aber gl\u00fccklich am Alpe d&#8217;Huez an.<\/p>\n\n\t\t<style type=\"text\/css\">\n\t\t\t#gallery-1 {\n\t\t\t\tmargin: auto;\n\t\t\t}\n\t\t\t#gallery-1 .gallery-item {\n\t\t\t\tfloat: left;\n\t\t\t\tmargin-top: 10px;\n\t\t\t\ttext-align: center;\n\t\t\t\twidth: 25%;\n\t\t\t}\n\t\t\t#gallery-1 img {\n\t\t\t\tborder: 2px solid #cfcfcf;\n\t\t\t}\n\t\t\t#gallery-1 .gallery-caption {\n\t\t\t\tmargin-left: 0;\n\t\t\t}\n\t\t\t\/* see gallery_shortcode() in wp-includes\/media.php *\/\n\t\t<\/style>\n\t\t<div id='gallery-1' class='gallery galleryid-1659 gallery-columns-4 gallery-size-thumbnail'><dl class='gallery-item'>\n\t\t\t<dt class='gallery-icon landscape'>\n\t\t\t\t<a data-rel=\"iLightbox[postimages]\" data-title=\"\" data-caption=\"\" href='https:\/\/www.karinoberhofer.com\/wp-content\/uploads\/2015\/06\/partenza-allenamento-in-bici.jpg'><img width=\"150\" height=\"150\" src=\"https:\/\/www.karinoberhofer.com\/wp-content\/uploads\/2015\/06\/partenza-allenamento-in-bici-150x150.jpg\" class=\"attachment-thumbnail size-thumbnail\" alt=\"\" srcset=\"https:\/\/www.karinoberhofer.com\/wp-content\/uploads\/2015\/06\/partenza-allenamento-in-bici-66x66.jpg 66w, https:\/\/www.karinoberhofer.com\/wp-content\/uploads\/2015\/06\/partenza-allenamento-in-bici-150x150.jpg 150w\" sizes=\"(max-width: 150px) 100vw, 150px\" \/><\/a>\n\t\t\t<\/dt><\/dl><dl class='gallery-item'>\n\t\t\t<dt class='gallery-icon landscape'>\n\t\t\t\t<a data-rel=\"iLightbox[postimages]\" data-title=\"\" data-caption=\"\" href='https:\/\/www.karinoberhofer.com\/wp-content\/uploads\/2015\/06\/allenamento-in-bicicletta.jpg'><img width=\"150\" height=\"150\" src=\"https:\/\/www.karinoberhofer.com\/wp-content\/uploads\/2015\/06\/allenamento-in-bicicletta-150x150.jpg\" class=\"attachment-thumbnail size-thumbnail\" alt=\"\" srcset=\"https:\/\/www.karinoberhofer.com\/wp-content\/uploads\/2015\/06\/allenamento-in-bicicletta-66x66.jpg 66w, https:\/\/www.karinoberhofer.com\/wp-content\/uploads\/2015\/06\/allenamento-in-bicicletta-150x150.jpg 150w\" sizes=\"(max-width: 150px) 100vw, 150px\" \/><\/a>\n\t\t\t<\/dt><\/dl><dl class='gallery-item'>\n\t\t\t<dt class='gallery-icon portrait'>\n\t\t\t\t<a data-rel=\"iLightbox[postimages]\" data-title=\"\" data-caption=\"\" href='https:\/\/www.karinoberhofer.com\/wp-content\/uploads\/2015\/06\/podio-alpe-d-huez.jpg'><img width=\"150\" height=\"150\" src=\"https:\/\/www.karinoberhofer.com\/wp-content\/uploads\/2015\/06\/podio-alpe-d-huez-150x150.jpg\" class=\"attachment-thumbnail size-thumbnail\" alt=\"\" srcset=\"https:\/\/www.karinoberhofer.com\/wp-content\/uploads\/2015\/06\/podio-alpe-d-huez-66x66.jpg 66w, https:\/\/www.karinoberhofer.com\/wp-content\/uploads\/2015\/06\/podio-alpe-d-huez-150x150.jpg 150w\" sizes=\"(max-width: 150px) 100vw, 150px\" \/><\/a>\n\t\t\t<\/dt><\/dl><dl class='gallery-item'>\n\t\t\t<dt class='gallery-icon landscape'>\n\t\t\t\t<a data-rel=\"iLightbox[postimages]\" data-title=\"\" data-caption=\"\" href='https:\/\/www.karinoberhofer.com\/wp-content\/uploads\/2015\/06\/picnic-post-alpe-d-huez.jpg'><img width=\"150\" height=\"150\" src=\"https:\/\/www.karinoberhofer.com\/wp-content\/uploads\/2015\/06\/picnic-post-alpe-d-huez-150x150.jpg\" class=\"attachment-thumbnail size-thumbnail\" alt=\"\" srcset=\"https:\/\/www.karinoberhofer.com\/wp-content\/uploads\/2015\/06\/picnic-post-alpe-d-huez-66x66.jpg 66w, https:\/\/www.karinoberhofer.com\/wp-content\/uploads\/2015\/06\/picnic-post-alpe-d-huez-150x150.jpg 150w\" sizes=\"(max-width: 150px) 100vw, 150px\" \/><\/a>\n\t\t\t<\/dt><\/dl><br style=\"clear: both\" \/>\n\t\t<\/div>\n\n<p>Wo unsere Techniker (Trainer, Physiotherapeutin Judith und Koch Arturo) auf uns warteten und uns ein fantastisches Picknick vorbereiteten. Aber das Wetter war nicht ganz damit einverstanden, also mussten wir uns beim Essen etwas beeilen, aber dennoch war es ein unvergesslich sch\u00f6ner Tag.<\/p>\n<p><em>Karin<\/em><\/p>\n","protected":false},"excerpt":{"rendered":"<p>Am Sonntag den 7. Juni, haben wir im Trainingslager einen Radtag eingelegt. Unsere Trainer haben eine Tour mit 3 P\u00e4ssen gew\u00e4hlt, am Ende die Kr\u00f6nung: Alpe d&#8217;Huez! Insgesamt radelten wir 97km und kamen m\u00fcde aber [&hellip;]<\/p>\n","protected":false},"author":2,"featured_media":1656,"comment_status":"open","ping_status":"open","sticky":false,"template":"","format":"standard","meta":[],"categories":[16,16],"tags":[],"_links":{"self":[{"href":"https:\/\/www.karinoberhofer.com\/de\/wp-json\/wp\/v2\/posts\/1659"}],"collection":[{"href":"https:\/\/www.karinoberhofer.com\/de\/wp-json\/wp\/v2\/posts"}],"about":[{"href":"https:\/\/www.karinoberhofer.com\/de\/wp-json\/wp\/v2\/types\/post"}],"author":[{"embeddable":true,"href":"https:\/\/www.karinoberhofer.com\/de\/wp-json\/wp\/v2\/users\/2"}],"replies":[{"embeddable":true,"href":"https:\/\/www.karinoberhofer.com\/de\/wp-json\/wp\/v2\/comments?post=1659"}],"version-history":[{"count":2,"href":"https:\/\/www.karinoberhofer.com\/de\/wp-json\/wp\/v2\/posts\/1659\/revisions"}],"predecessor-version":[{"id":1661,"href":"https:\/\/www.karinoberhofer.com\/de\/wp-json\/wp\/v2\/posts\/1659\/revisions\/1661"}],"wp:featuredmedia":[{"embeddable":true,"href":"https:\/\/www.karinoberhofer.com\/de\/wp-json\/wp\/v2\/media\/1656"}],"wp:attachment":[{"href":"https:\/\/www.karinoberhofer.com\/de\/wp-json\/wp\/v2\/media?parent=1659"}],"wp:term":[{"taxonomy":"category","embeddable":true,"href":"https:\/\/www.karinoberhofer.com\/de\/wp-json\/wp\/v2\/categories?post=1659"},{"taxonomy":"post_tag","embeddable":true,"href":"https:\/\/www.karinoberhofer.com\/de\/wp-json\/wp\/v2\/tags?post=1659"}],"curies":[{"name":"wp","href":"https:\/\/api.w.org\/{rel}","templated":true}]}}