{"id":326,"date":"2013-11-20T18:50:48","date_gmt":"2013-11-20T17:50:48","guid":{"rendered":"http:\/\/www.karinoberhofer.com\/?p=326"},"modified":"2014-09-07T17:05:04","modified_gmt":"2014-09-07T15:05:04","slug":"trainingslager-martelltal","status":"publish","type":"post","link":"https:\/\/www.karinoberhofer.com\/de\/trainingslager-martelltal\/","title":{"rendered":"Martelltal"},"content":{"rendered":"<p>Vom 26.September bis 3.Oktober hatten wir Trainingslager in Martell. Unsere Trainer haben ein Hotel auf ca.2000m gesucht und das &#8222;HOTEL ZUM SEE&#8220; in Hintermartell gefunden. Zum Training nutzten wir die neue Rollerstrecke mit Schie\u00dftand, wir haben auch Anstiege trainiert und sch\u00f6ne lange Bergwanderungen gemacht. Das Martelltal bietet daf\u00fcr super M\u00f6glichkeiten.<\/p>\n<p>Nach dem Training konnten wir dann den Wellnessbereich mit Wirlpool und Sauna zum Entspannen nutzen. Vor allem beim Essen hat uns die Hotelchefin Carmen, ihre S\u00f6hne und ihr Personal sehr verw\u00f6hnt und immer wieder positiv \u00fcberrascht, es war ein rie\u00dfen Spa\u00df und vor allem ein Genuss!!!<\/p>\n<p>Unglaublich und Unvergesslich waren vor allem: Gambaretti, die mega Obstplatten, Kaiserscharren, Marillenkn\u00f6del, die Forelle, das Filet, die sehr geschmackvollen Nudeln, &#8230; es wurde einfach mit Liebe Gekocht!<\/p>\n<p>Danke Familie Fleischmann f\u00fcr diese sch\u00f6ne Zeit! : )))<\/p>\n\n\t\t<style type=\"text\/css\">\n\t\t\t#gallery-1 {\n\t\t\t\tmargin: auto;\n\t\t\t}\n\t\t\t#gallery-1 .gallery-item {\n\t\t\t\tfloat: left;\n\t\t\t\tmargin-top: 10px;\n\t\t\t\ttext-align: center;\n\t\t\t\twidth: 100%;\n\t\t\t}\n\t\t\t#gallery-1 img {\n\t\t\t\tborder: 2px solid #cfcfcf;\n\t\t\t}\n\t\t\t#gallery-1 .gallery-caption {\n\t\t\t\tmargin-left: 0;\n\t\t\t}\n\t\t\t\/* see gallery_shortcode() in wp-includes\/media.php *\/\n\t\t<\/style>\n\t\t<div id='gallery-1' class='gallery galleryid-326 gallery-columns-1 gallery-size-thumbnail'><dl class='gallery-item'>\n\t\t\t<dt class='gallery-icon landscape'>\n\t\t\t\t<a data-rel=\"iLightbox[postimages]\" data-title=\"\" data-caption=\"\" href='https:\/\/www.karinoberhofer.com\/wp-content\/uploads\/2014\/07\/training-martelltal.jpg'><img width=\"150\" height=\"150\" src=\"https:\/\/www.karinoberhofer.com\/wp-content\/uploads\/2014\/07\/training-martelltal-150x150.jpg\" class=\"attachment-thumbnail size-thumbnail\" alt=\"\" srcset=\"https:\/\/www.karinoberhofer.com\/wp-content\/uploads\/2014\/07\/training-martelltal-66x66.jpg 66w, https:\/\/www.karinoberhofer.com\/wp-content\/uploads\/2014\/07\/training-martelltal-150x150.jpg 150w\" sizes=\"(max-width: 150px) 100vw, 150px\" \/><\/a>\n\t\t\t<\/dt><\/dl><br style=\"clear: both\" \/>\n\t\t<\/div>\n\n","protected":false},"excerpt":{"rendered":"<p>Vom 26.September bis 3.Oktober hatten wir Trainingslager in Martell. Unsere Trainer haben ein Hotel auf ca.2000m gesucht und das &#8222;HOTEL ZUM SEE&#8220; in Hintermartell gefunden. Zum Training nutzten wir die neue Rollerstrecke mit Schie\u00dftand, wir [&hellip;]<\/p>\n","protected":false},"author":2,"featured_media":0,"comment_status":"open","ping_status":"open","sticky":false,"template":"","format":"standard","meta":[],"categories":[16],"tags":[],"_links":{"self":[{"href":"https:\/\/www.karinoberhofer.com\/de\/wp-json\/wp\/v2\/posts\/326"}],"collection":[{"href":"https:\/\/www.karinoberhofer.com\/de\/wp-json\/wp\/v2\/posts"}],"about":[{"href":"https:\/\/www.karinoberhofer.com\/de\/wp-json\/wp\/v2\/types\/post"}],"author":[{"embeddable":true,"href":"https:\/\/www.karinoberhofer.com\/de\/wp-json\/wp\/v2\/users\/2"}],"replies":[{"embeddable":true,"href":"https:\/\/www.karinoberhofer.com\/de\/wp-json\/wp\/v2\/comments?post=326"}],"version-history":[{"count":2,"href":"https:\/\/www.karinoberhofer.com\/de\/wp-json\/wp\/v2\/posts\/326\/revisions"}],"predecessor-version":[{"id":876,"href":"https:\/\/www.karinoberhofer.com\/de\/wp-json\/wp\/v2\/posts\/326\/revisions\/876"}],"wp:attachment":[{"href":"https:\/\/www.karinoberhofer.com\/de\/wp-json\/wp\/v2\/media?parent=326"}],"wp:term":[{"taxonomy":"category","embeddable":true,"href":"https:\/\/www.karinoberhofer.com\/de\/wp-json\/wp\/v2\/categories?post=326"},{"taxonomy":"post_tag","embeddable":true,"href":"https:\/\/www.karinoberhofer.com\/de\/wp-json\/wp\/v2\/tags?post=326"}],"curies":[{"name":"wp","href":"https:\/\/api.w.org\/{rel}","templated":true}]}}