{"id":1090,"date":"2014-11-07T12:05:31","date_gmt":"2014-11-07T11:05:31","guid":{"rendered":"http:\/\/www.karinoberhofer.com\/it\/?p=1090"},"modified":"2017-05-29T15:56:13","modified_gmt":"2017-05-29T13:56:13","slug":"judith-mair","status":"publish","type":"post","link":"https:\/\/www.karinoberhofer.com\/it\/judith-mair\/","title":{"rendered":"Judith Mair HAARTREFF"},"content":{"rendered":"<p style=\"text-align: justify;\"><span style=\"color: #ff6600;\">Sicuramente vi chiedete chi \u00e9?<\/span><\/p>\n<p style=\"text-align: justify;\">Judith Mair \u00e9 la mia stilista personale, quando ho bisogno di lei&#8230; mi taglia i capelli, mi fa le unghie o mi trucca! Judith \u00e9 parrucchiere e lavora molto professionalmente nel suo nuovo Studio a Naz-Sciaves, sopra di Bessanone.<\/p>\n<p style=\"text-align: justify;\">Come questa settimana avevo un Fotoshooting&#8230; allora prima sono andata da lei ; ))) a farmi un p\u00f3 pi\u00fa bella!!!<\/p>\n<p><a href=\"http:\/\/www.karinoberhofer.com\/wp-content\/uploads\/2014\/11\/20141105_125040.jpg\"><img class=\"size-medium wp-image-1092 alignleft\" src=\"http:\/\/www.karinoberhofer.com\/wp-content\/uploads\/2014\/11\/20141105_125040-300x148.jpg\" alt=\"[fusion_builder_container hundred_percent=\"yes\" overflow=\"visible\"][fusion_builder_row][fusion_builder_column type=\"1_1\" background_position=\"left top\" background_color=\"\" border_size=\"\" border_color=\"\" border_style=\"solid\" spacing=\"yes\" background_image=\"\" background_repeat=\"no-repeat\" padding=\"\" margin_top=\"0px\" margin_bottom=\"0px\" class=\"\" id=\"\" animation_type=\"\" animation_speed=\"0.3\" animation_direction=\"left\" hide_on_mobile=\"no\" center_content=\"no\" min_height=\"none\"][cml_media_alt id='1092']20141105_125040[\/cml_media_alt]\" width=\"300\" height=\"148\" srcset=\"https:\/\/www.karinoberhofer.com\/wp-content\/uploads\/2014\/11\/20141105_125040-300x148.jpg 300w, https:\/\/www.karinoberhofer.com\/wp-content\/uploads\/2014\/11\/20141105_125040-1024x505.jpg 1024w, https:\/\/www.karinoberhofer.com\/wp-content\/uploads\/2014\/11\/20141105_125040.jpg 1609w\" sizes=\"(max-width: 300px) 100vw, 300px\" \/><\/a><a href=\"http:\/\/www.karinoberhofer.com\/wp-content\/uploads\/2014\/11\/20141105_125124.jpg\"><img class=\"size-medium wp-image-1091 alignright\" src=\"http:\/\/www.karinoberhofer.com\/wp-content\/uploads\/2014\/11\/20141105_125124-300x155.jpg\" alt=\"[\/fusion_builder_column][fusion_builder_column type=\"1_1\" background_position=\"left top\" background_color=\"\" border_size=\"\" border_color=\"\" border_style=\"solid\" spacing=\"yes\" background_image=\"\" background_repeat=\"no-repeat\" padding=\"\" margin_top=\"0px\" margin_bottom=\"0px\" class=\"\" id=\"\" animation_type=\"\" animation_speed=\"0.3\" animation_direction=\"left\" hide_on_mobile=\"no\" center_content=\"no\" min_height=\"none\"][cml_media_alt id='1091']20141105_125124[\/cml_media_alt]\" width=\"300\" height=\"155\" srcset=\"https:\/\/www.karinoberhofer.com\/wp-content\/uploads\/2014\/11\/20141105_125124-300x155.jpg 300w, https:\/\/www.karinoberhofer.com\/wp-content\/uploads\/2014\/11\/20141105_125124-1024x531.jpg 1024w, https:\/\/www.karinoberhofer.com\/wp-content\/uploads\/2014\/11\/20141105_125124.jpg 1518w\" sizes=\"(max-width: 300px) 100vw, 300px\" \/><\/a>[\/fusion_builder_column][\/fusion_builder_row][\/fusion_builder_container]<\/p>\n","protected":false},"excerpt":{"rendered":"<p>Sicuramente vi chiedete chi \u00e9? Judith Mair \u00e9 la mia stilista personale, quando ho bisogno di lei&#8230; mi taglia i capelli, mi fa le unghie o mi trucca! Judith \u00e9 parrucchiere e lavora molto professionalmente [&hellip;]<\/p>\n","protected":false},"author":2,"featured_media":1091,"comment_status":"open","ping_status":"open","sticky":false,"template":"","format":"standard","meta":[],"categories":[10,9],"tags":[],"_links":{"self":[{"href":"https:\/\/www.karinoberhofer.com\/it\/wp-json\/wp\/v2\/posts\/1090"}],"collection":[{"href":"https:\/\/www.karinoberhofer.com\/it\/wp-json\/wp\/v2\/posts"}],"about":[{"href":"https:\/\/www.karinoberhofer.com\/it\/wp-json\/wp\/v2\/types\/post"}],"author":[{"embeddable":true,"href":"https:\/\/www.karinoberhofer.com\/it\/wp-json\/wp\/v2\/users\/2"}],"replies":[{"embeddable":true,"href":"https:\/\/www.karinoberhofer.com\/it\/wp-json\/wp\/v2\/comments?post=1090"}],"version-history":[{"count":7,"href":"https:\/\/www.karinoberhofer.com\/it\/wp-json\/wp\/v2\/posts\/1090\/revisions"}],"predecessor-version":[{"id":2684,"href":"https:\/\/www.karinoberhofer.com\/it\/wp-json\/wp\/v2\/posts\/1090\/revisions\/2684"}],"wp:featuredmedia":[{"embeddable":true,"href":"https:\/\/www.karinoberhofer.com\/it\/wp-json\/wp\/v2\/media\/1091"}],"wp:attachment":[{"href":"https:\/\/www.karinoberhofer.com\/it\/wp-json\/wp\/v2\/media?parent=1090"}],"wp:term":[{"taxonomy":"category","embeddable":true,"href":"https:\/\/www.karinoberhofer.com\/it\/wp-json\/wp\/v2\/categories?post=1090"},{"taxonomy":"post_tag","embeddable":true,"href":"https:\/\/www.karinoberhofer.com\/it\/wp-json\/wp\/v2\/tags?post=1090"}],"curies":[{"name":"wp","href":"https:\/\/api.w.org\/{rel}","templated":true}]}}